{"id":3595,"date":"2016-02-14T17:16:51","date_gmt":"2016-02-14T16:16:51","guid":{"rendered":"http:\/\/malenki.net\/wordpress\/de\/?p=3595"},"modified":"2020-09-27T19:23:46","modified_gmt":"2020-09-27T17:23:46","slug":"tique-salon-antwerpen-ruis-collective","status":"publish","type":"post","link":"https:\/\/malenki.net\/de\/2016\/02\/tique-salon-antwerpen-ruis-collective\/","title":{"rendered":"Tique Salon #2 \u2013 RUIS collective"},"content":{"rendered":"<p>RUIS ist ein Antwerpener Kollektiv junger (foto)grafisch arbeitender K\u00fcnstler. W\u00e4hrend Tique Salon #3 werden sie \u00fcber die Entstehung des Kollektives sprechen, dabei aber auch individuelle Arbeiten vorstellen. Neben einer Auswahl von selbst herausgegebenen B\u00fcchern werden sie eine Wandinstallation pr\u00e4sentieren, in welcher verschiedene Bilder ihrer Publikationen kombiniert werden.<\/p>\n<p><a href=\"http:\/\/ruiscollectief.tumblr.com\/\">RUIS<\/a> sind <a title=\"Eva Donckers\" href=\"http:\/\/www.evadonckers.be\/\" target=\"_blank\" rel=\"noopener noreferrer\">Eva Donckers<\/a>, Joke Druyts, <a title=\"Miles Fischler\" href=\"http:\/\/www.milesfischler.tumblr.com\" target=\"_blank\" rel=\"noopener noreferrer\">Miles Fischler<\/a>, Sander Adriaens, <a title=\"An Ongena\" href=\"http:\/\/cargocollective.com\/anonghena\" target=\"_blank\" rel=\"noopener noreferrer\">An Onghena<\/a>, Tessa Van Thielen, <a title=\"Tille Lingier\" href=\"http:\/\/cargocollective.com\/tillelingier\" target=\"_blank\" rel=\"noopener noreferrer\">Tille Lingier <\/a>und <a title=\"Valentina Stellino\" href=\"http:\/\/www.valentinastellino.be\/\" target=\"_blank\" rel=\"noopener noreferrer\">Valentina Stellino<\/a>.<\/p>\n<p>Organisiert von Katrin Kamrau (malenki.net) und Welmer Keesmaat (Tique).<\/p>\n<p>Tique Salon #2 &#8211; Mittwoch, 17. Februar 2016, 19:30 Uhr<\/p>\n<p>Tique Art Space<br \/>\nKorte Vlierstraat 5<br \/>\n2000 Antwerpen \/ Belgien<\/p>\n<p><a href=\"http:\/\/tique-space.com\/\">www.tique-space.com<\/a><\/p>\n","protected":false},"excerpt":{"rendered":"<p>RUIS ist ein Antwerpener Kollektiv junger (foto)grafisch arbeitender K\u00fcnstler. W\u00e4hrend Tique Salon #3 werden sie \u00fcber die Entstehung des Kollektives sprechen, dabei aber auch individuelle Arbeiten vorstellen. Neben einer Auswahl von selbst herausgegebenen B\u00fcchern werden sie eine Wandinstallation pr\u00e4sentieren, in welcher verschiedene Bilder ihrer Publikationen kombiniert werden. RUIS sind Eva Donckers, Joke Druyts, Miles Fischler,&hellip; <a class=\"more-link\" href=\"https:\/\/malenki.net\/de\/2016\/02\/tique-salon-antwerpen-ruis-collective\/\"><span class=\"screen-reader-text\">Tique Salon #2 \u2013 RUIS collective<\/span> weiterlesen<\/a><\/p>\n","protected":false},"author":3,"featured_media":3533,"comment_status":"closed","ping_status":"closed","sticky":false,"template":"","format":"standard","meta":{"pgc_sgb_lightbox_settings":"","footnotes":""},"categories":[],"tags":[2090,16,22,2094,2083,2097,2080,2079,2075,455,2102,2074,2100,413],"class_list":["post-3595","post","type-post","status-publish","format-standard","has-post-thumbnail","hentry","tag-an-onghena-de","tag-antwerpen","tag-belgien","tag-eva-donckers-de","tag-joanna-maria-druyts-de","tag-miles-fischler-de","tag-ruis-de","tag-sander-adriaens-de","tag-tille-lingier-de","tag-tique-antwerpen-de","tag-tique-artspace-de","tag-tique-salon-de","tag-valentina-stellino-de","tag-welmer-keesmaat-de","entry"],"yoast_head":"<!-- This site is optimized with the Yoast SEO plugin v27.2 - https:\/\/yoast.com\/product\/yoast-seo-wordpress\/ -->\n<title>malenki.net | Tique Salon #2 \u2013 RUIS collective | Tique Art Space, Antwerpen \/ Belgien<\/title>\n<meta name=\"robots\" content=\"index, follow, max-snippet:-1, max-image-preview:large, max-video-preview:-1\" \/>\n<link rel=\"canonical\" href=\"https:\/\/malenki.net\/de\/2016\/02\/tique-salon-antwerpen-ruis-collective\/\" \/>\n<meta property=\"og:locale\" content=\"de_DE\" \/>\n<meta property=\"og:type\" content=\"article\" \/>\n<meta property=\"og:title\" content=\"malenki.net | Tique Salon #2 \u2013 RUIS collective | Tique Art Space, Antwerpen \/ Belgien\" \/>\n<meta property=\"og:description\" content=\"RUIS ist ein Antwerpener Kollektiv junger (foto)grafisch arbeitender K\u00fcnstler. W\u00e4hrend Tique Salon #3 werden sie \u00fcber die Entstehung des Kollektives sprechen, dabei aber auch individuelle Arbeiten vorstellen. Neben einer Auswahl von selbst herausgegebenen B\u00fcchern werden sie eine Wandinstallation pr\u00e4sentieren, in welcher verschiedene Bilder ihrer Publikationen kombiniert werden. RUIS sind Eva Donckers, Joke Druyts, Miles Fischler,&hellip; Tique Salon #2 \u2013 RUIS collective weiterlesen\" \/>\n<meta property=\"og:url\" content=\"https:\/\/malenki.net\/de\/2016\/02\/tique-salon-antwerpen-ruis-collective\/\" \/>\n<meta property=\"og:site_name\" content=\"malenki.net\" \/>\n<meta property=\"article:publisher\" content=\"https:\/\/www.facebook.com\/malenki.editionen\/\" \/>\n<meta property=\"article:published_time\" content=\"2016-02-14T16:16:51+00:00\" \/>\n<meta property=\"article:modified_time\" content=\"2020-09-27T17:23:46+00:00\" \/>\n<meta property=\"og:image\" content=\"https:\/\/malenki.net\/wp-content\/uploads\/2016\/02\/tique-salon-2-ruis-antwerp.jpg\" \/>\n\t<meta property=\"og:image:width\" content=\"840\" \/>\n\t<meta property=\"og:image:height\" content=\"311\" \/>\n\t<meta property=\"og:image:type\" content=\"image\/jpeg\" \/>\n<meta name=\"author\" content=\"Robert Schlotter\" \/>\n<meta name=\"twitter:card\" content=\"summary_large_image\" \/>\n<meta name=\"twitter:label1\" content=\"Verfasst von\" \/>\n\t<meta name=\"twitter:data1\" content=\"Robert Schlotter\" \/>\n<script type=\"application\/ld+json\" class=\"yoast-schema-graph\">{\"@context\":\"https:\/\/schema.org\",\"@graph\":[{\"@type\":\"Article\",\"@id\":\"https:\/\/malenki.net\/de\/2016\/02\/tique-salon-antwerpen-ruis-collective\/#article\",\"isPartOf\":{\"@id\":\"https:\/\/malenki.net\/de\/2016\/02\/tique-salon-antwerpen-ruis-collective\/\"},\"author\":{\"name\":\"Robert Schlotter\",\"@id\":\"https:\/\/malenki.net\/de\/#\/schema\/person\/9908d613ed517db0845a3726a72be4a3\"},\"headline\":\"Tique Salon #2 \u2013 RUIS collective\",\"datePublished\":\"2016-02-14T16:16:51+00:00\",\"dateModified\":\"2020-09-27T17:23:46+00:00\",\"mainEntityOfPage\":{\"@id\":\"https:\/\/malenki.net\/de\/2016\/02\/tique-salon-antwerpen-ruis-collective\/\"},\"wordCount\":101,\"publisher\":{\"@id\":\"https:\/\/malenki.net\/de\/#organization\"},\"image\":{\"@id\":\"https:\/\/malenki.net\/de\/2016\/02\/tique-salon-antwerpen-ruis-collective\/#primaryimage\"},\"thumbnailUrl\":\"https:\/\/malenki.net\/wp-content\/uploads\/2016\/02\/tique-salon-2-ruis-antwerp.jpg\",\"keywords\":[\"An Onghena\",\"Antwerpen\",\"Belgien\",\"Eva Donckers\",\"Joanna Maria Druyts\",\"Miles Fischler\",\"Ruis\",\"Sander Adriaens\",\"Tille Lingier\",\"Tique Antwerpen\",\"Tique art space\",\"Tique Salon\",\"Valentina Stellino\",\"Welmer Keesmaat\"],\"inLanguage\":\"de\"},{\"@type\":\"WebPage\",\"@id\":\"https:\/\/malenki.net\/de\/2016\/02\/tique-salon-antwerpen-ruis-collective\/\",\"url\":\"https:\/\/malenki.net\/de\/2016\/02\/tique-salon-antwerpen-ruis-collective\/\",\"name\":\"malenki.net | Tique Salon #2 \u2013 RUIS collective | Tique Art Space, Antwerpen \/ Belgien\",\"isPartOf\":{\"@id\":\"https:\/\/malenki.net\/de\/#website\"},\"primaryImageOfPage\":{\"@id\":\"https:\/\/malenki.net\/de\/2016\/02\/tique-salon-antwerpen-ruis-collective\/#primaryimage\"},\"image\":{\"@id\":\"https:\/\/malenki.net\/de\/2016\/02\/tique-salon-antwerpen-ruis-collective\/#primaryimage\"},\"thumbnailUrl\":\"https:\/\/malenki.net\/wp-content\/uploads\/2016\/02\/tique-salon-2-ruis-antwerp.jpg\",\"datePublished\":\"2016-02-14T16:16:51+00:00\",\"dateModified\":\"2020-09-27T17:23:46+00:00\",\"breadcrumb\":{\"@id\":\"https:\/\/malenki.net\/de\/2016\/02\/tique-salon-antwerpen-ruis-collective\/#breadcrumb\"},\"inLanguage\":\"de\",\"potentialAction\":[{\"@type\":\"ReadAction\",\"target\":[\"https:\/\/malenki.net\/de\/2016\/02\/tique-salon-antwerpen-ruis-collective\/\"]}]},{\"@type\":\"ImageObject\",\"inLanguage\":\"de\",\"@id\":\"https:\/\/malenki.net\/de\/2016\/02\/tique-salon-antwerpen-ruis-collective\/#primaryimage\",\"url\":\"https:\/\/malenki.net\/wp-content\/uploads\/2016\/02\/tique-salon-2-ruis-antwerp.jpg\",\"contentUrl\":\"https:\/\/malenki.net\/wp-content\/uploads\/2016\/02\/tique-salon-2-ruis-antwerp.jpg\",\"width\":840,\"height\":311,\"caption\":\"Tique Salon #2 - RUIS Antwerp\"},{\"@type\":\"BreadcrumbList\",\"@id\":\"https:\/\/malenki.net\/de\/2016\/02\/tique-salon-antwerpen-ruis-collective\/#breadcrumb\",\"itemListElement\":[{\"@type\":\"ListItem\",\"position\":1,\"name\":\"Home\",\"item\":\"https:\/\/malenki.net\/de\/\"},{\"@type\":\"ListItem\",\"position\":2,\"name\":\"Tique Salon #2 \u2013 RUIS collective\"}]},{\"@type\":\"WebSite\",\"@id\":\"https:\/\/malenki.net\/de\/#website\",\"url\":\"https:\/\/malenki.net\/de\/\",\"name\":\"malenki.net\",\"description\":\"Fotografie Editionen\",\"publisher\":{\"@id\":\"https:\/\/malenki.net\/de\/#organization\"},\"potentialAction\":[{\"@type\":\"SearchAction\",\"target\":{\"@type\":\"EntryPoint\",\"urlTemplate\":\"https:\/\/malenki.net\/de\/?s={search_term_string}\"},\"query-input\":{\"@type\":\"PropertyValueSpecification\",\"valueRequired\":true,\"valueName\":\"search_term_string\"}}],\"inLanguage\":\"de\"},{\"@type\":\"Organization\",\"@id\":\"https:\/\/malenki.net\/de\/#organization\",\"name\":\"malenki.net\",\"url\":\"https:\/\/malenki.net\/de\/\",\"logo\":{\"@type\":\"ImageObject\",\"inLanguage\":\"de\",\"@id\":\"https:\/\/malenki.net\/de\/#\/schema\/logo\/image\/\",\"url\":\"https:\/\/malenki.net\/wp-content\/uploads\/2023\/03\/malenki-logo-2019.gif\",\"contentUrl\":\"https:\/\/malenki.net\/wp-content\/uploads\/2023\/03\/malenki-logo-2019.gif\",\"width\":524,\"height\":138,\"caption\":\"malenki.net\"},\"image\":{\"@id\":\"https:\/\/malenki.net\/de\/#\/schema\/logo\/image\/\"},\"sameAs\":[\"https:\/\/www.facebook.com\/malenki.editionen\/\",\"https:\/\/www.instagram.com\/malenkinet\/\"]},{\"@type\":\"Person\",\"@id\":\"https:\/\/malenki.net\/de\/#\/schema\/person\/9908d613ed517db0845a3726a72be4a3\",\"name\":\"Robert Schlotter\",\"image\":{\"@type\":\"ImageObject\",\"inLanguage\":\"de\",\"@id\":\"https:\/\/secure.gravatar.com\/avatar\/cde736d319a52a9a28925d743c7635f09e76f69d5444c0655d2a8a93ddaa9d28?s=96&d=mm&r=g\",\"url\":\"https:\/\/secure.gravatar.com\/avatar\/cde736d319a52a9a28925d743c7635f09e76f69d5444c0655d2a8a93ddaa9d28?s=96&d=mm&r=g\",\"contentUrl\":\"https:\/\/secure.gravatar.com\/avatar\/cde736d319a52a9a28925d743c7635f09e76f69d5444c0655d2a8a93ddaa9d28?s=96&d=mm&r=g\",\"caption\":\"Robert Schlotter\"},\"sameAs\":[\"https:\/\/malenki.net\"],\"url\":\"https:\/\/malenki.net\/de\/author\/trevor\/\"}]}<\/script>\n<!-- \/ Yoast SEO plugin. -->","yoast_head_json":{"title":"malenki.net | Tique Salon #2 \u2013 RUIS collective | Tique Art Space, Antwerpen \/ Belgien","robots":{"index":"index","follow":"follow","max-snippet":"max-snippet:-1","max-image-preview":"max-image-preview:large","max-video-preview":"max-video-preview:-1"},"canonical":"https:\/\/malenki.net\/de\/2016\/02\/tique-salon-antwerpen-ruis-collective\/","og_locale":"de_DE","og_type":"article","og_title":"malenki.net | Tique Salon #2 \u2013 RUIS collective | Tique Art Space, Antwerpen \/ Belgien","og_description":"RUIS ist ein Antwerpener Kollektiv junger (foto)grafisch arbeitender K\u00fcnstler. W\u00e4hrend Tique Salon #3 werden sie \u00fcber die Entstehung des Kollektives sprechen, dabei aber auch individuelle Arbeiten vorstellen. Neben einer Auswahl von selbst herausgegebenen B\u00fcchern werden sie eine Wandinstallation pr\u00e4sentieren, in welcher verschiedene Bilder ihrer Publikationen kombiniert werden. RUIS sind Eva Donckers, Joke Druyts, Miles Fischler,&hellip; Tique Salon #2 \u2013 RUIS collective weiterlesen","og_url":"https:\/\/malenki.net\/de\/2016\/02\/tique-salon-antwerpen-ruis-collective\/","og_site_name":"malenki.net","article_publisher":"https:\/\/www.facebook.com\/malenki.editionen\/","article_published_time":"2016-02-14T16:16:51+00:00","article_modified_time":"2020-09-27T17:23:46+00:00","og_image":[{"width":840,"height":311,"url":"https:\/\/malenki.net\/wp-content\/uploads\/2016\/02\/tique-salon-2-ruis-antwerp.jpg","type":"image\/jpeg"}],"author":"Robert Schlotter","twitter_card":"summary_large_image","twitter_misc":{"Verfasst von":"Robert Schlotter"},"schema":{"@context":"https:\/\/schema.org","@graph":[{"@type":"Article","@id":"https:\/\/malenki.net\/de\/2016\/02\/tique-salon-antwerpen-ruis-collective\/#article","isPartOf":{"@id":"https:\/\/malenki.net\/de\/2016\/02\/tique-salon-antwerpen-ruis-collective\/"},"author":{"name":"Robert Schlotter","@id":"https:\/\/malenki.net\/de\/#\/schema\/person\/9908d613ed517db0845a3726a72be4a3"},"headline":"Tique Salon #2 \u2013 RUIS collective","datePublished":"2016-02-14T16:16:51+00:00","dateModified":"2020-09-27T17:23:46+00:00","mainEntityOfPage":{"@id":"https:\/\/malenki.net\/de\/2016\/02\/tique-salon-antwerpen-ruis-collective\/"},"wordCount":101,"publisher":{"@id":"https:\/\/malenki.net\/de\/#organization"},"image":{"@id":"https:\/\/malenki.net\/de\/2016\/02\/tique-salon-antwerpen-ruis-collective\/#primaryimage"},"thumbnailUrl":"https:\/\/malenki.net\/wp-content\/uploads\/2016\/02\/tique-salon-2-ruis-antwerp.jpg","keywords":["An Onghena","Antwerpen","Belgien","Eva Donckers","Joanna Maria Druyts","Miles Fischler","Ruis","Sander Adriaens","Tille Lingier","Tique Antwerpen","Tique art space","Tique Salon","Valentina Stellino","Welmer Keesmaat"],"inLanguage":"de"},{"@type":"WebPage","@id":"https:\/\/malenki.net\/de\/2016\/02\/tique-salon-antwerpen-ruis-collective\/","url":"https:\/\/malenki.net\/de\/2016\/02\/tique-salon-antwerpen-ruis-collective\/","name":"malenki.net | Tique Salon #2 \u2013 RUIS collective | Tique Art Space, Antwerpen \/ Belgien","isPartOf":{"@id":"https:\/\/malenki.net\/de\/#website"},"primaryImageOfPage":{"@id":"https:\/\/malenki.net\/de\/2016\/02\/tique-salon-antwerpen-ruis-collective\/#primaryimage"},"image":{"@id":"https:\/\/malenki.net\/de\/2016\/02\/tique-salon-antwerpen-ruis-collective\/#primaryimage"},"thumbnailUrl":"https:\/\/malenki.net\/wp-content\/uploads\/2016\/02\/tique-salon-2-ruis-antwerp.jpg","datePublished":"2016-02-14T16:16:51+00:00","dateModified":"2020-09-27T17:23:46+00:00","breadcrumb":{"@id":"https:\/\/malenki.net\/de\/2016\/02\/tique-salon-antwerpen-ruis-collective\/#breadcrumb"},"inLanguage":"de","potentialAction":[{"@type":"ReadAction","target":["https:\/\/malenki.net\/de\/2016\/02\/tique-salon-antwerpen-ruis-collective\/"]}]},{"@type":"ImageObject","inLanguage":"de","@id":"https:\/\/malenki.net\/de\/2016\/02\/tique-salon-antwerpen-ruis-collective\/#primaryimage","url":"https:\/\/malenki.net\/wp-content\/uploads\/2016\/02\/tique-salon-2-ruis-antwerp.jpg","contentUrl":"https:\/\/malenki.net\/wp-content\/uploads\/2016\/02\/tique-salon-2-ruis-antwerp.jpg","width":840,"height":311,"caption":"Tique Salon #2 - RUIS Antwerp"},{"@type":"BreadcrumbList","@id":"https:\/\/malenki.net\/de\/2016\/02\/tique-salon-antwerpen-ruis-collective\/#breadcrumb","itemListElement":[{"@type":"ListItem","position":1,"name":"Home","item":"https:\/\/malenki.net\/de\/"},{"@type":"ListItem","position":2,"name":"Tique Salon #2 \u2013 RUIS collective"}]},{"@type":"WebSite","@id":"https:\/\/malenki.net\/de\/#website","url":"https:\/\/malenki.net\/de\/","name":"malenki.net","description":"Fotografie Editionen","publisher":{"@id":"https:\/\/malenki.net\/de\/#organization"},"potentialAction":[{"@type":"SearchAction","target":{"@type":"EntryPoint","urlTemplate":"https:\/\/malenki.net\/de\/?s={search_term_string}"},"query-input":{"@type":"PropertyValueSpecification","valueRequired":true,"valueName":"search_term_string"}}],"inLanguage":"de"},{"@type":"Organization","@id":"https:\/\/malenki.net\/de\/#organization","name":"malenki.net","url":"https:\/\/malenki.net\/de\/","logo":{"@type":"ImageObject","inLanguage":"de","@id":"https:\/\/malenki.net\/de\/#\/schema\/logo\/image\/","url":"https:\/\/malenki.net\/wp-content\/uploads\/2023\/03\/malenki-logo-2019.gif","contentUrl":"https:\/\/malenki.net\/wp-content\/uploads\/2023\/03\/malenki-logo-2019.gif","width":524,"height":138,"caption":"malenki.net"},"image":{"@id":"https:\/\/malenki.net\/de\/#\/schema\/logo\/image\/"},"sameAs":["https:\/\/www.facebook.com\/malenki.editionen\/","https:\/\/www.instagram.com\/malenkinet\/"]},{"@type":"Person","@id":"https:\/\/malenki.net\/de\/#\/schema\/person\/9908d613ed517db0845a3726a72be4a3","name":"Robert Schlotter","image":{"@type":"ImageObject","inLanguage":"de","@id":"https:\/\/secure.gravatar.com\/avatar\/cde736d319a52a9a28925d743c7635f09e76f69d5444c0655d2a8a93ddaa9d28?s=96&d=mm&r=g","url":"https:\/\/secure.gravatar.com\/avatar\/cde736d319a52a9a28925d743c7635f09e76f69d5444c0655d2a8a93ddaa9d28?s=96&d=mm&r=g","contentUrl":"https:\/\/secure.gravatar.com\/avatar\/cde736d319a52a9a28925d743c7635f09e76f69d5444c0655d2a8a93ddaa9d28?s=96&d=mm&r=g","caption":"Robert Schlotter"},"sameAs":["https:\/\/malenki.net"],"url":"https:\/\/malenki.net\/de\/author\/trevor\/"}]}},"wps_subtitle":"Tique Art Space, Antwerpen \/ Belgien","_links":{"self":[{"href":"https:\/\/malenki.net\/de\/wp-json\/wp\/v2\/posts\/3595","targetHints":{"allow":["GET"]}}],"collection":[{"href":"https:\/\/malenki.net\/de\/wp-json\/wp\/v2\/posts"}],"about":[{"href":"https:\/\/malenki.net\/de\/wp-json\/wp\/v2\/types\/post"}],"author":[{"embeddable":true,"href":"https:\/\/malenki.net\/de\/wp-json\/wp\/v2\/users\/3"}],"replies":[{"embeddable":true,"href":"https:\/\/malenki.net\/de\/wp-json\/wp\/v2\/comments?post=3595"}],"version-history":[{"count":0,"href":"https:\/\/malenki.net\/de\/wp-json\/wp\/v2\/posts\/3595\/revisions"}],"wp:featuredmedia":[{"embeddable":true,"href":"https:\/\/malenki.net\/de\/wp-json\/wp\/v2\/media\/3533"}],"wp:attachment":[{"href":"https:\/\/malenki.net\/de\/wp-json\/wp\/v2\/media?parent=3595"}],"wp:term":[{"taxonomy":"category","embeddable":true,"href":"https:\/\/malenki.net\/de\/wp-json\/wp\/v2\/categories?post=3595"},{"taxonomy":"post_tag","embeddable":true,"href":"https:\/\/malenki.net\/de\/wp-json\/wp\/v2\/tags?post=3595"}],"curies":[{"name":"wp","href":"https:\/\/api.w.org\/{rel}","templated":true}]}}